{"id":448,"date":"2025-08-13T21:16:50","date_gmt":"2025-08-13T18:16:50","guid":{"rendered":"https:\/\/seutukustannus.fi\/?p=448"},"modified":"2026-04-16T13:14:04","modified_gmt":"2026-04-16T10:14:04","slug":"tervetuloa","status":"publish","type":"post","link":"https:\/\/seutukustannus.fi\/index.php\/2025\/08\/13\/tervetuloa\/","title":{"rendered":"Tervetuloa Seutu Kustannuksen kotisivulle!"},"content":{"rendered":"\n<p>**********************************************************************************************<\/p>\n\n\n\n<p>OLEMME MUKANA TAMPEREEN P\u00c4\u00c4KIRJASTO METSON MESSUILLA 18.4.2026<\/p>\n\n\n\n<p>Seutu Kustannus on n\u00e4ytteilleasettajana. Osastollamme kirjaston sis\u00e4\u00e4ntuloaulassa myyd\u00e4\u00e4n sek\u00e4 Seutu Kustannuksen ett\u00e4 tietokirjailija Pekka Visurin teoksia. <\/p>\n\n\n\n<p>AVAA LINKKI, NIIN N\u00c4ET:<\/p>\n\n\n\n<p><a href=\"https:\/\/seutukustannus.fi\/wp-content\/uploads\/2026\/04\/Sainila-Seutukustannus-4-1-3.pdf\">https:\/\/seutukustannus.fi\/wp-content\/uploads\/2026\/04\/Sainila-Seutukustannus-4-1-3.pdf<\/a><\/p>\n\n\n\n<p><strong>Seutu Kustannus<\/strong> \/ Tmi Oili Sainila (Y-tunnus: <strong>2921074-9<\/strong>) on <strong>pienkustantamo, joka edist\u00e4\u00e4 lukuharrastusta tuottamalla ja julkaisemalla l\u00e4hinn\u00e4 fiktiivisi\u00e4 teoksia, runoa ja proosaa, mutta my\u00f6s tietokirjoja.<\/strong><\/p>\n\n\n\n<p><strong>Seutu Kustannus myy ja v\u00e4litt\u00e4\u00e4 kirjoja j\u00e4lleenmyyt\u00e4viksi.<\/strong><\/p>\n\n\n\n<p>Yhteystiedot: Seutu Kustannus<\/p>\n\n\n\n<p>osoite: H\u00e4meenpuisto 13 B 28, 33210 Tampere c\/o TMI Oili Sainila<\/p>\n\n\n\n<p>e-mail: seutukustannus@gmail.com<\/p>\n\n\n\n<p><\/p>\n\n\n\n<p><a href=\"https:\/\/seutukustannus.fi\/index.php\/tilaa-kirja\/\"><strong>Tilaa kirjoja<\/strong><\/a><\/p>\n\n\n\n<figure class=\"wp-block-image size-full\"><img loading=\"lazy\" decoding=\"async\" width=\"856\" height=\"542\" src=\"https:\/\/seutukustannus.fi\/wp-content\/uploads\/2022\/03\/messukuva.jpg\" alt=\"\" class=\"wp-image-663\" srcset=\"https:\/\/seutukustannus.fi\/wp-content\/uploads\/2022\/03\/messukuva.jpg 856w, https:\/\/seutukustannus.fi\/wp-content\/uploads\/2022\/03\/messukuva-300x190.jpg 300w, https:\/\/seutukustannus.fi\/wp-content\/uploads\/2022\/03\/messukuva-768x486.jpg 768w\" sizes=\"auto, (max-width: 767px) 89vw, (max-width: 1000px) 54vw, (max-width: 1071px) 543px, 580px\" \/><\/figure>\n\n\n\n<p class=\"has-large-font-size\"><\/p>\n\n\n\n<p>KUUSISTON LUMOAVA LUMI ON JO T\u00c4\u00c4LL\u00c4!<\/p>\n\n\n\n<p class=\"has-large-font-size\"><\/p>\n\n\n\n<p class=\"has-large-font-size\">Ks. my\u00f6s &#8221;<a href=\"https:\/\/seutukustannus.fi\/index.php\/seutu-kustannus-mukana-tapahtumissa\/\" data-type=\"page\" data-id=\"353\">Seutu Kustannus mukana tapahtumissa<\/a>&#8221;<\/p>\n\n\n\n<p><\/p>\n\n\n\n<p>*****************************************************<\/p>\n\n\n\n<p><strong>T\u00c4ST\u00c4 ALKOI MUUAN RUNOILIJAN POLKU<\/strong><\/p>\n\n\n\n<p><strong>Runokirjojen julkkarit Tulenkantajan kirjakaupassa<\/strong> <strong>Tampereella kes\u00e4kuussa 2018<\/strong><\/p>\n\n\n\n<p><strong>Puheenjohtajana toimi silloisen Sanasadon kustantaja Erkki Kiviniemi<\/strong><\/p>\n\n\n\n<p><\/p>\n\n\n\n<figure class=\"wp-block-image size-large\"><img loading=\"lazy\" decoding=\"async\" width=\"1024\" height=\"759\" src=\"https:\/\/seutukustannus.fi\/wp-content\/uploads\/2022\/04\/Runokirjajulkkarit-kesakuussa-2018-Puheenjohtajana-Sanasadon-kustannusjohtaja-Erkki-Kiviniemi-1024x759.jpg\" alt=\"\" class=\"wp-image-712\" srcset=\"https:\/\/seutukustannus.fi\/wp-content\/uploads\/2022\/04\/Runokirjajulkkarit-kesakuussa-2018-Puheenjohtajana-Sanasadon-kustannusjohtaja-Erkki-Kiviniemi-1024x759.jpg 1024w, https:\/\/seutukustannus.fi\/wp-content\/uploads\/2022\/04\/Runokirjajulkkarit-kesakuussa-2018-Puheenjohtajana-Sanasadon-kustannusjohtaja-Erkki-Kiviniemi-300x222.jpg 300w, https:\/\/seutukustannus.fi\/wp-content\/uploads\/2022\/04\/Runokirjajulkkarit-kesakuussa-2018-Puheenjohtajana-Sanasadon-kustannusjohtaja-Erkki-Kiviniemi-768x569.jpg 768w, https:\/\/seutukustannus.fi\/wp-content\/uploads\/2022\/04\/Runokirjajulkkarit-kesakuussa-2018-Puheenjohtajana-Sanasadon-kustannusjohtaja-Erkki-Kiviniemi-1536x1138.jpg 1536w, https:\/\/seutukustannus.fi\/wp-content\/uploads\/2022\/04\/Runokirjajulkkarit-kesakuussa-2018-Puheenjohtajana-Sanasadon-kustannusjohtaja-Erkki-Kiviniemi-2048x1518.jpg 2048w\" sizes=\"auto, (max-width: 767px) 89vw, (max-width: 1000px) 54vw, (max-width: 1071px) 543px, 580px\" \/><\/figure>\n\n\n\n<figure class=\"wp-block-image size-full\"><img loading=\"lazy\" decoding=\"async\" width=\"640\" height=\"480\" src=\"https:\/\/seutukustannus.fi\/wp-content\/uploads\/2022\/04\/Minna-Sadeniemi-Oili-Sainila-ja-Sauli-Sarkanen-ja-kesakuun-2018-julkkarit.jpg\" alt=\"\" class=\"wp-image-713\" srcset=\"https:\/\/seutukustannus.fi\/wp-content\/uploads\/2022\/04\/Minna-Sadeniemi-Oili-Sainila-ja-Sauli-Sarkanen-ja-kesakuun-2018-julkkarit.jpg 640w, https:\/\/seutukustannus.fi\/wp-content\/uploads\/2022\/04\/Minna-Sadeniemi-Oili-Sainila-ja-Sauli-Sarkanen-ja-kesakuun-2018-julkkarit-300x225.jpg 300w\" sizes=\"auto, (max-width: 640px) 100vw, 640px\" \/><\/figure>\n\n\n\n<p><strong>Kirjojaan julkistamassa Minna Sadeniemi, Oili Sainila ja Sauli Sarkanen<\/strong><\/p>\n\n\n\n<p>J<strong>a sitten Pispalan kirjaston kautta synnyinpaikkakunnalle Liminkaan esittelem\u00e4\u00e4n runoelmaa Limmi.  Limmi on myyttinen j\u00e4ttil\u00e4inen, jonka  kerrotaan perustaneen aikojen alussa paikkakunnan. H\u00e4nelt\u00e4 kyl\u00e4 lienee saanut nimens\u00e4kin. <\/strong><\/p>\n\n\n\n<p><strong>T\u00e4\u00e4ll\u00e4 olen vieraillut kertomassa jokaisesta julkaistusta kirjastani t\u00e4m\u00e4 ensi kerran j\u00e4lkeen.<\/strong><\/p>\n\n\n\n<figure class=\"wp-block-image size-large\"><img loading=\"lazy\" decoding=\"async\" width=\"1024\" height=\"683\" src=\"https:\/\/seutukustannus.fi\/wp-content\/uploads\/2024\/08\/71500023_2697537123612570_273585336536268800_nLimingan-kirjastossa-2019-1024x683.jpg\" alt=\"\" class=\"wp-image-1394\" srcset=\"https:\/\/seutukustannus.fi\/wp-content\/uploads\/2024\/08\/71500023_2697537123612570_273585336536268800_nLimingan-kirjastossa-2019-1024x683.jpg 1024w, https:\/\/seutukustannus.fi\/wp-content\/uploads\/2024\/08\/71500023_2697537123612570_273585336536268800_nLimingan-kirjastossa-2019-300x200.jpg 300w, https:\/\/seutukustannus.fi\/wp-content\/uploads\/2024\/08\/71500023_2697537123612570_273585336536268800_nLimingan-kirjastossa-2019-768x512.jpg 768w, https:\/\/seutukustannus.fi\/wp-content\/uploads\/2024\/08\/71500023_2697537123612570_273585336536268800_nLimingan-kirjastossa-2019-1536x1024.jpg 1536w, https:\/\/seutukustannus.fi\/wp-content\/uploads\/2024\/08\/71500023_2697537123612570_273585336536268800_nLimingan-kirjastossa-2019.jpg 2048w\" sizes=\"auto, (max-width: 767px) 89vw, (max-width: 1000px) 54vw, (max-width: 1071px) 543px, 580px\" \/><\/figure>\n\n\n\n<p><strong>Haastattelijana kulttuurijohtaja Janne Nevala ja yleis\u00f6n\u00e4 tuvan t\u00e4ydelt\u00e4 liminkalaisia kirjallisuuden harrastajia.<\/strong><\/p>\n\n\n\n<figure class=\"wp-block-image size-large\"><img loading=\"lazy\" decoding=\"async\" width=\"576\" height=\"1024\" src=\"https:\/\/seutukustannus.fi\/wp-content\/uploads\/2024\/08\/oili-limingassa-576x1024.jpg\" alt=\"\" class=\"wp-image-1402\" srcset=\"https:\/\/seutukustannus.fi\/wp-content\/uploads\/2024\/08\/oili-limingassa-576x1024.jpg 576w, https:\/\/seutukustannus.fi\/wp-content\/uploads\/2024\/08\/oili-limingassa-169x300.jpg 169w, https:\/\/seutukustannus.fi\/wp-content\/uploads\/2024\/08\/oili-limingassa-768x1365.jpg 768w, https:\/\/seutukustannus.fi\/wp-content\/uploads\/2024\/08\/oili-limingassa-864x1536.jpg 864w, https:\/\/seutukustannus.fi\/wp-content\/uploads\/2024\/08\/oili-limingassa.jpg 900w\" sizes=\"auto, (max-width: 576px) 100vw, 576px\" \/><\/figure>\n\n\n\n<p><strong>T\u00e4m\u00e4 oli  vuonna 2019.<\/strong> <strong>Esikoisteos<\/strong> <strong>Limmi (Sanasato) ilmestyi Tampereella 2018<\/strong>.<\/p>\n","protected":false},"excerpt":{"rendered":"<p>********************************************************************************************** OLEMME MUKANA TAMPEREEN P\u00c4\u00c4KIRJASTO METSON MESSUILLA 18.4.2026 Seutu Kustannus on n\u00e4ytteilleasettajana. Osastollamme kirjaston sis\u00e4\u00e4ntuloaulassa myyd\u00e4\u00e4n sek\u00e4 Seutu Kustannuksen ett\u00e4 tietokirjailija Pekka Visurin teoksia. AVAA LINKKI, NIIN N\u00c4ET: https:\/\/seutukustannus.fi\/wp-content\/uploads\/2026\/04\/Sainila-Seutukustannus-4-1-3.pdf Seutu Kustannus \/ Tmi Oili Sainila (Y-tunnus: 2921074-9) on pienkustantamo, joka edist\u00e4\u00e4 lukuharrastusta tuottamalla ja julkaisemalla l\u00e4hinn\u00e4 fiktiivisi\u00e4 teoksia, runoa ja proosaa, mutta my\u00f6s tietokirjoja. Seutu &hellip; <\/p>\n<p class=\"link-more\"><a href=\"https:\/\/seutukustannus.fi\/index.php\/2025\/08\/13\/tervetuloa\/\" class=\"more-link\">Jatka lukemista<span class=\"screen-reader-text\"> &#8221;Tervetuloa Seutu Kustannuksen kotisivulle!&#8221;<\/span><\/a><\/p>\n","protected":false},"author":4,"featured_media":0,"comment_status":"open","ping_status":"open","sticky":false,"template":"","format":"image","meta":{"footnotes":""},"categories":[4],"tags":[],"class_list":["post-448","post","type-post","status-publish","format-image","hentry","category-seutukustannus-fi-kirjat","post_format-post-format-image"],"_links":{"self":[{"href":"https:\/\/seutukustannus.fi\/index.php\/wp-json\/wp\/v2\/posts\/448","targetHints":{"allow":["GET"]}}],"collection":[{"href":"https:\/\/seutukustannus.fi\/index.php\/wp-json\/wp\/v2\/posts"}],"about":[{"href":"https:\/\/seutukustannus.fi\/index.php\/wp-json\/wp\/v2\/types\/post"}],"author":[{"embeddable":true,"href":"https:\/\/seutukustannus.fi\/index.php\/wp-json\/wp\/v2\/users\/4"}],"replies":[{"embeddable":true,"href":"https:\/\/seutukustannus.fi\/index.php\/wp-json\/wp\/v2\/comments?post=448"}],"version-history":[{"count":83,"href":"https:\/\/seutukustannus.fi\/index.php\/wp-json\/wp\/v2\/posts\/448\/revisions"}],"predecessor-version":[{"id":2203,"href":"https:\/\/seutukustannus.fi\/index.php\/wp-json\/wp\/v2\/posts\/448\/revisions\/2203"}],"wp:attachment":[{"href":"https:\/\/seutukustannus.fi\/index.php\/wp-json\/wp\/v2\/media?parent=448"}],"wp:term":[{"taxonomy":"category","embeddable":true,"href":"https:\/\/seutukustannus.fi\/index.php\/wp-json\/wp\/v2\/categories?post=448"},{"taxonomy":"post_tag","embeddable":true,"href":"https:\/\/seutukustannus.fi\/index.php\/wp-json\/wp\/v2\/tags?post=448"}],"curies":[{"name":"wp","href":"https:\/\/api.w.org\/{rel}","templated":true}]}}